
{"id":676,"date":"2018-05-30T22:06:05","date_gmt":"2018-05-30T20:06:05","guid":{"rendered":"http:\/\/grundschule-gisingen.de\/?p=676"},"modified":"2018-12-05T16:32:19","modified_gmt":"2018-12-05T15:32:19","slug":"bericht-schullaufmeisterschaften-2018","status":"publish","type":"post","link":"http:\/\/grundschule-gisingen.de\/?p=676","title":{"rendered":"Bericht Schullaufmeisterschaften 2018"},"content":{"rendered":"<p><span style=\"margin: 0px; font-family: 'Comic Sans MS'; font-size: 14pt;\"><span style=\"color: #000000;\">Am Freitag, dem 27.04.2018 war es mal wieder soweit. Die saarl\u00e4ndischen\u00a0 Schullaufmeisterschaften fanden wieder in Merzig statt. Und nat\u00fcrlich schickte unsere Schule wieder ihre besten Renner an den Start.<\/span><\/span><\/p>\n<p><span style=\"margin: 0px; font-family: 'Comic Sans MS'; font-size: 14pt;\"><span style=\"color: #000000;\">\u00a0<\/span><\/span><span style=\"margin: 0px; font-family: 'Comic Sans MS'; font-size: 14pt;\"><span style=\"color: #000000;\">Bei optimalen \u00e4u\u00dferen Bedingungen gaben 5445 Kinder (ein neuerTeilnehmerrekord) ihr Bestes auf den flotten 2 Kilometern durch die Merziger Innenstadt. Unsere austrainierten Kinder kamen allesamt auf starke Leistungen und konnten ihre pers\u00f6nlichen Bestleistungen noch einmal verbessern. Ganz besonders erw\u00e4hnen m\u00f6chten wir hier die Leistungen von Lasse Klein und Emilia Jerzenbeck.<\/span><\/span><\/p>\n<p><span style=\"margin: 0px; font-family: 'Comic Sans MS'; font-size: 14pt;\"><span style=\"color: #000000;\">\u00a0<\/span><\/span><span style=\"margin: 0px; font-family: 'Comic Sans MS'; font-size: 14pt;\"><span style=\"color: #000000;\">Emilia wurde in ihrem Lauf mit einer Zeit von 10:17 min. (!!!) 28ste von \u00fcber 499 M\u00e4dchen!<\/span><\/span><\/p>\n<p><span style=\"margin: 0px; font-family: 'Comic Sans MS'; font-size: 14pt;\"><span style=\"color: #000000;\">\u00a0<\/span><\/span><span style=\"margin: 0px; font-family: 'Comic Sans MS'; font-size: 14pt;\"><span style=\"color: #000000;\">Lasse knallte seine neuen Bestzeit von 8:43 min auf den Merziger Asphalt und belegte einen starken 41. Platz. An seinem Lauf nahmen 481 Jungs teil!<\/span><\/span><\/p>\n<p><span style=\"margin: 0px; font-family: 'Comic Sans MS'; font-size: 14pt;\"><span style=\"color: #000000;\">\u00a0<\/span><\/span><span style=\"margin: 0px; font-family: 'Comic Sans MS'; font-size: 14pt;\"><span style=\"color: #000000;\">Wir Lehrer sind aber nat\u00fcrlich stolz auf all eure Leistungen und freuen uns schon auf \u2019s n\u00e4chste Jahr.<\/span><\/span><\/p>\n<p><span style=\"margin: 0px; font-family: 'Comic Sans MS'; font-size: 14pt;\"><span style=\"color: #000000;\">\u00a0<\/span><\/span><span style=\"margin: 0px; font-family: 'Comic Sans MS'; font-size: 14pt;\"><span style=\"color: #000000;\">Ein gro\u00dfes Dankesch\u00f6n muss auch in diesem Jahr wieder an die zahlreichen Betreuer gehen, die uns viel Arbeit abgenommen haben. Bei den Schullaufmeisterschaften kann nur unsere Schule auf so viele engagierte Eltern zur\u00fcckgreifen! Wir Lehrer freuen uns schon auf die Schullaufmeisterschaften im n\u00e4chsten Jahr.<\/span><\/span><\/p>\n<p><span style=\"margin: 0px; font-family: 'Comic Sans MS'; font-size: 14pt;\"><span style=\"color: #000000;\">\u00a0<\/span><\/span><\/p>\n<p><span style=\"margin: 0px; font-family: 'Comic Sans MS'; font-size: 14pt;\"><span style=\"color: #000000;\">Thomas Kreuzahler<\/span><\/span><\/p>\n<p>&nbsp;<\/p>\n<p>&nbsp;<\/p>\n","protected":false},"excerpt":{"rendered":"<p>Am Freitag, dem 27.04.2018 war es mal wieder soweit. Die saarl\u00e4ndischen\u00a0 Schullaufmeisterschaften fanden wieder in Merzig statt. Und nat\u00fcrlich schickte unsere Schule wieder ihre besten Renner an den Start. \u00a0Bei optimalen \u00e4u\u00dferen Bedingungen gaben 5445 Kinder (ein neuerTeilnehmerrekord) ihr Bestes&#8230; <a class=\"more-link\" href=\"http:\/\/grundschule-gisingen.de\/?p=676\">Weiterlesen &rarr;<\/a><\/p>\n","protected":false},"author":1,"featured_media":0,"comment_status":"closed","ping_status":"open","sticky":false,"template":"","format":"standard","meta":[],"categories":[1],"tags":[],"_links":{"self":[{"href":"http:\/\/grundschule-gisingen.de\/index.php?rest_route=\/wp\/v2\/posts\/676"}],"collection":[{"href":"http:\/\/grundschule-gisingen.de\/index.php?rest_route=\/wp\/v2\/posts"}],"about":[{"href":"http:\/\/grundschule-gisingen.de\/index.php?rest_route=\/wp\/v2\/types\/post"}],"author":[{"embeddable":true,"href":"http:\/\/grundschule-gisingen.de\/index.php?rest_route=\/wp\/v2\/users\/1"}],"replies":[{"embeddable":true,"href":"http:\/\/grundschule-gisingen.de\/index.php?rest_route=%2Fwp%2Fv2%2Fcomments&post=676"}],"version-history":[{"count":2,"href":"http:\/\/grundschule-gisingen.de\/index.php?rest_route=\/wp\/v2\/posts\/676\/revisions"}],"predecessor-version":[{"id":766,"href":"http:\/\/grundschule-gisingen.de\/index.php?rest_route=\/wp\/v2\/posts\/676\/revisions\/766"}],"wp:attachment":[{"href":"http:\/\/grundschule-gisingen.de\/index.php?rest_route=%2Fwp%2Fv2%2Fmedia&parent=676"}],"wp:term":[{"taxonomy":"category","embeddable":true,"href":"http:\/\/grundschule-gisingen.de\/index.php?rest_route=%2Fwp%2Fv2%2Fcategories&post=676"},{"taxonomy":"post_tag","embeddable":true,"href":"http:\/\/grundschule-gisingen.de\/index.php?rest_route=%2Fwp%2Fv2%2Ftags&post=676"}],"curies":[{"name":"wp","href":"https:\/\/api.w.org\/{rel}","templated":true}]}}