
{"id":798,"date":"2019-02-06T15:01:18","date_gmt":"2019-02-06T14:01:18","guid":{"rendered":"http:\/\/grundschule-gisingen.de\/?p=798"},"modified":"2019-02-06T15:01:18","modified_gmt":"2019-02-06T14:01:18","slug":"die-grundschule-gisingen-erhielt-ein-grossartiges-geschenk-ein-klavier","status":"publish","type":"post","link":"http:\/\/grundschule-gisingen.de\/?p=798","title":{"rendered":"Die Grundschule Gisingen erhielt ein gro\u00dfartiges Geschenk, ein Klavier!"},"content":{"rendered":"\n<p>Pianist und Komponist Herry Schmitt und seine Band stifteten der Musik \u2013 AG zum \u00dcben, Musizieren und zur musischen Entwicklung ein neues digitales, transportables E-Piano.<\/p>\n\n\n\n<p>Ein gro\u00dfartiges Geschenk, \u00fcber das sich alle Sch\u00fcler und&nbsp;Lehrer besonders&nbsp;freuten.<\/p>\n\n\n\n<p>Damit entstand nun die beste Voraussetzung, sowohl im Klassenzimmer als auch au\u00dferhalb, einstudierte Lieder bestens zu pr\u00e4sentieren.<\/p>\n\n\n\n<p>Seit Jahren sind wir besonders stolz auf die tolle Zusammenarbeit zwischen unserer Schule und dem Komponisten.<\/p>\n\n\n\n<p>So konnte die Musik-AG unter der Leitung von Sylvie Feld und Hedwig Makulik-Kl\u00e4s mit dem eigens von Herry Schmitt komponierten Lied&nbsp;\u201eL\u00b4amiti\u00e9 sans fronti\u00e8res \u2013 Freundschaft ohne Grenzen\u201c Bundespr\u00e4sident Steinmeier beim Staatsempfang musikalisch begr\u00fc\u00dfen.<br><\/p>\n","protected":false},"excerpt":{"rendered":"<p>Pianist und Komponist Herry Schmitt und seine Band stifteten der Musik \u2013 AG zum \u00dcben, Musizieren und zur musischen Entwicklung ein neues digitales, transportables E-Piano. Ein gro\u00dfartiges Geschenk, \u00fcber das sich alle Sch\u00fcler und&nbsp;Lehrer besonders&nbsp;freuten. Damit entstand nun die beste&#8230; <a class=\"more-link\" href=\"http:\/\/grundschule-gisingen.de\/?p=798\">Weiterlesen &rarr;<\/a><\/p>\n","protected":false},"author":1,"featured_media":0,"comment_status":"closed","ping_status":"open","sticky":false,"template":"","format":"standard","meta":[],"categories":[1],"tags":[],"_links":{"self":[{"href":"http:\/\/grundschule-gisingen.de\/index.php?rest_route=\/wp\/v2\/posts\/798"}],"collection":[{"href":"http:\/\/grundschule-gisingen.de\/index.php?rest_route=\/wp\/v2\/posts"}],"about":[{"href":"http:\/\/grundschule-gisingen.de\/index.php?rest_route=\/wp\/v2\/types\/post"}],"author":[{"embeddable":true,"href":"http:\/\/grundschule-gisingen.de\/index.php?rest_route=\/wp\/v2\/users\/1"}],"replies":[{"embeddable":true,"href":"http:\/\/grundschule-gisingen.de\/index.php?rest_route=%2Fwp%2Fv2%2Fcomments&post=798"}],"version-history":[{"count":1,"href":"http:\/\/grundschule-gisingen.de\/index.php?rest_route=\/wp\/v2\/posts\/798\/revisions"}],"predecessor-version":[{"id":799,"href":"http:\/\/grundschule-gisingen.de\/index.php?rest_route=\/wp\/v2\/posts\/798\/revisions\/799"}],"wp:attachment":[{"href":"http:\/\/grundschule-gisingen.de\/index.php?rest_route=%2Fwp%2Fv2%2Fmedia&parent=798"}],"wp:term":[{"taxonomy":"category","embeddable":true,"href":"http:\/\/grundschule-gisingen.de\/index.php?rest_route=%2Fwp%2Fv2%2Fcategories&post=798"},{"taxonomy":"post_tag","embeddable":true,"href":"http:\/\/grundschule-gisingen.de\/index.php?rest_route=%2Fwp%2Fv2%2Ftags&post=798"}],"curies":[{"name":"wp","href":"https:\/\/api.w.org\/{rel}","templated":true}]}}