
{"id":839,"date":"2019-07-01T08:57:20","date_gmt":"2019-07-01T06:57:20","guid":{"rendered":"http:\/\/grundschule-gisingen.de\/?p=839"},"modified":"2019-11-04T08:58:11","modified_gmt":"2019-11-04T07:58:11","slug":"20-bundesbegegnung-schulen-musizieren","status":"publish","type":"post","link":"http:\/\/grundschule-gisingen.de\/?p=839","title":{"rendered":"20. Bundesbegegnung  \u201eSchulen musizieren\u201c"},"content":{"rendered":"\n<p>Saarbr\u00fccken, Neunkirchen, Saarlouis &#8212; 23. &#8211; 26. Mai 2019<\/p>\n\n\n\n<p>An dieser Gro\u00dfveranstaltung, die vier Tage in Saarbr\u00fccken, Neunkirchen und Saarlouis stattfand, nahmen die Kinder der Grundschule Gisingen \u201eAuf dem Muschelkalk\u201c  mit ihren Betreuerinnen Sylvie Feld, Lehrerin und Chorleiterin und Hedwig Makulik-Kl\u00e4s, pensionierte Lehrerin und S\u00e4ngerin ebenfalls teil, und zwar als einzige Grundschule unter  unz\u00e4hligen Chor- und Instrumentalgruppen aus ganz Deutschland , insbesondere auch aus dem Saar-Lor-Lux-Raum.<\/p>\n\n\n\n<p>Am 23. Mai trafen sich die Kinder unserer Chor-AG im Musiksaal zum Einsingen. Schon da konnte man feststellen, mit welcher Freude und Leistungsbereitschaft sich die\nKinder auf ihre Aufgabe einstellten.<\/p>\n\n\n\n<p>Dann ging es los nach Saarbr\u00fccken zum Tbilisser Platz, direkt vor dem Staatstheater, wo die Veranstaltung an diesem Tag Open Air stattfand  &#8211; und gro\u00dfartig organisiert war. Wir setzten uns auf die bereitstehenden B\u00e4nke und lauschten anderen Musikgruppen bei ihren Darbietungen. Dazwischen hatten wir Gelegenheit, die B\u00fchne zu erkunden, wo\nsich unser Begleiter Herry Schmitt schon eingespielt hatte und uns\nerwartete.<\/p>\n\n\n\n<p>Dann endlich waren wir an der Reihe. Wir begannen mit einer schwungvollen  Komposition von Herry Schmitt \u201eVivre ensemble \u2013 Zusammen leben\u201c, das  das freundschaftliche  Miteinander besonders unter den Nachbarn Deutschland und Frankreich , aber auch aller Menschen, beschreibt. Sehr\nschwungvoll ging es weiter mit \u201eDer Papagei ein Vogel ist\u201c.\nBegeisterter Applaus spornte uns weiter an.<\/p>\n\n\n\n<p>Das n\u00e4chste Lied, ebenfalls getextet und komponiert von Herry Schmitt, tr\u00e4gt den Titel \u201eF\u00fcr die Freundschaft ohne Grenzen\u201c. Auch dieses Lied erz\u00e4hlt von der Freundschaft insbesondere unter Kindern verschiedener Nationen. Darauf folgten noch zwei besonders fr\u00f6hliche Lieder: \u201eMein kleiner gr\u00fcner Kaktus\u201c und \u201eSupercalifragilisticexpialigetisch\u201c aus dem Musical \u201eMary Poppins\u201c. Die Zuh\u00f6rer applaudierten begeistert und forderten noch eine Zugabe.  So sang unser Chor zum Schluss aus dem Disneyfilm \u201eDschungelbuch\u201c \u201eVersuchs mal mit Gem\u00fctlichkeit\u201c.<\/p>\n\n\n\n<p>Unter viel Applaus verlie\u00dfen wir die B\u00fchne, um  nun entspannt  noch anderen Gruppen zuzuh\u00f6ren. Fr\u00f6hlich und stolz fuhren wir zur Schule zur\u00fcck. Unsere\n Chor-AG wird sich nun \u2013 gest\u00e4rkt durch das Gelingen unseres\nAuftritts \u2013 weiteren Aufgaben zuwenden.<\/p>\n\n\n\n<p>Wir danken unserem Begleiter Herry Schmitt f\u00fcr seine unerm\u00fcdliche musikalische und\nfreundschaftliche Unterst\u00fctzung in den Proben und Auff\u00fchrungen.<\/p>\n\n\n\n<p>\nHedwig Makulik-Kl\u00e4s<\/p>\n","protected":false},"excerpt":{"rendered":"<p>Saarbr\u00fccken, Neunkirchen, Saarlouis &#8212; 23. &#8211; 26. Mai 2019 An dieser Gro\u00dfveranstaltung, die vier Tage in Saarbr\u00fccken, Neunkirchen und Saarlouis stattfand, nahmen die Kinder der Grundschule Gisingen \u201eAuf dem Muschelkalk\u201c mit ihren Betreuerinnen Sylvie Feld, Lehrerin und Chorleiterin und Hedwig&#8230; <a class=\"more-link\" href=\"http:\/\/grundschule-gisingen.de\/?p=839\">Weiterlesen &rarr;<\/a><\/p>\n","protected":false},"author":1,"featured_media":0,"comment_status":"closed","ping_status":"open","sticky":false,"template":"","format":"standard","meta":[],"categories":[1],"tags":[],"_links":{"self":[{"href":"http:\/\/grundschule-gisingen.de\/index.php?rest_route=\/wp\/v2\/posts\/839"}],"collection":[{"href":"http:\/\/grundschule-gisingen.de\/index.php?rest_route=\/wp\/v2\/posts"}],"about":[{"href":"http:\/\/grundschule-gisingen.de\/index.php?rest_route=\/wp\/v2\/types\/post"}],"author":[{"embeddable":true,"href":"http:\/\/grundschule-gisingen.de\/index.php?rest_route=\/wp\/v2\/users\/1"}],"replies":[{"embeddable":true,"href":"http:\/\/grundschule-gisingen.de\/index.php?rest_route=%2Fwp%2Fv2%2Fcomments&post=839"}],"version-history":[{"count":1,"href":"http:\/\/grundschule-gisingen.de\/index.php?rest_route=\/wp\/v2\/posts\/839\/revisions"}],"predecessor-version":[{"id":840,"href":"http:\/\/grundschule-gisingen.de\/index.php?rest_route=\/wp\/v2\/posts\/839\/revisions\/840"}],"wp:attachment":[{"href":"http:\/\/grundschule-gisingen.de\/index.php?rest_route=%2Fwp%2Fv2%2Fmedia&parent=839"}],"wp:term":[{"taxonomy":"category","embeddable":true,"href":"http:\/\/grundschule-gisingen.de\/index.php?rest_route=%2Fwp%2Fv2%2Fcategories&post=839"},{"taxonomy":"post_tag","embeddable":true,"href":"http:\/\/grundschule-gisingen.de\/index.php?rest_route=%2Fwp%2Fv2%2Ftags&post=839"}],"curies":[{"name":"wp","href":"https:\/\/api.w.org\/{rel}","templated":true}]}}